{"id":26735,"date":"2025-09-12T13:47:20","date_gmt":"2025-09-12T10:47:20","guid":{"rendered":"https:\/\/www.myfitness.lv\/jaunumi\/myfitness-imanta-12-09-slegts-uz-nenoteiktu-laiku\/"},"modified":"2025-09-12T16:02:47","modified_gmt":"2025-09-12T13:02:47","slug":"myfitness-imanta-12-09-slegts-uz-nenoteiktu-laiku","status":"publish","type":"nd_news","link":"https:\/\/www.myfitness.lv\/en\/news\/myfitness-imanta-12-09-slegts-uz-nenoteiktu-laiku\/","title":{"rendered":"MyFitness Imanta open on 12.09"},"content":{"rendered":"\n<p>Updated: The club has resumed operations and is open today. We look forward to seeing you!<\/p>\n\n<p><\/p>\n\n<p><\/p>\n\n<p>We would like to inform you that due to unforeseen technical reasons, on 12.09.2025 the sports club MyFitness Imanta will be closed indefinitely. We will inform you as soon as the club is open.<\/p>\n\n<p><\/p>\n","protected":false},"excerpt":{"rendered":"<p>Updated: The club has resumed operations and is open today. We look forward to seeing you! We would like to inform you that due to unforeseen technical reasons, on 12.09.2025 the sports club MyFitness Imanta will be closed indefinitely. We will inform you as soon as the club is open.<\/p>\n","protected":false},"author":7408,"featured_media":24130,"template":"","meta":{"_acf_changed":false,"footnotes":""},"nd_news_cat":[158],"class_list":["post-26735","nd_news","type-nd_news","status-publish","has-post-thumbnail","hentry","nd_news_cat-news"],"acf":[],"yoast_head":"<!-- This site is optimized with the Yoast SEO plugin v27.4 - https:\/\/yoast.com\/product\/yoast-seo-wordpress\/ -->\n<title>MyFitness Imanta open on 12.09 - MyFitness sports club<\/title>\n<meta name=\"robots\" content=\"index, follow, max-snippet:-1, max-image-preview:large, max-video-preview:-1\" \/>\n<link rel=\"canonical\" href=\"https:\/\/www.myfitness.lv\/en\/news\/myfitness-imanta-12-09-slegts-uz-nenoteiktu-laiku\/\" \/>\n<meta property=\"og:locale\" content=\"en_US\" \/>\n<meta property=\"og:type\" content=\"article\" \/>\n<meta property=\"og:title\" content=\"MyFitness Imanta open on 12.09 - MyFitness sports club\" \/>\n<meta property=\"og:description\" content=\"Updated: The club has resumed operations and is open today. We look forward to seeing you! We would like to inform you that due to unforeseen technical reasons, on 12.09.2025 the sports club MyFitness Imanta will be closed indefinitely. We will inform you as soon as the club is open.\" \/>\n<meta property=\"og:url\" content=\"https:\/\/www.myfitness.lv\/en\/news\/myfitness-imanta-12-09-slegts-uz-nenoteiktu-laiku\/\" \/>\n<meta property=\"og:site_name\" content=\"MyFitness sports club\" \/>\n<meta property=\"article:publisher\" content=\"https:\/\/www.facebook.com\/MyFitness\/\" \/>\n<meta property=\"article:modified_time\" content=\"2025-09-12T13:02:47+00:00\" \/>\n<meta property=\"og:image\" content=\"https:\/\/www.myfitness.lv\/wp-content\/uploads\/2025\/07\/ikona_asap1-1.png\" \/>\n\t<meta property=\"og:image:width\" content=\"770\" \/>\n\t<meta property=\"og:image:height\" content=\"300\" \/>\n\t<meta property=\"og:image:type\" content=\"image\/png\" \/>\n<meta name=\"twitter:card\" content=\"summary_large_image\" \/>\n<script type=\"application\/ld+json\" class=\"yoast-schema-graph\">{\"@context\":\"https:\\\/\\\/schema.org\",\"@graph\":[{\"@type\":\"WebPage\",\"@id\":\"https:\\\/\\\/www.myfitness.lv\\\/en\\\/news\\\/myfitness-imanta-12-09-slegts-uz-nenoteiktu-laiku\\\/\",\"url\":\"https:\\\/\\\/www.myfitness.lv\\\/en\\\/news\\\/myfitness-imanta-12-09-slegts-uz-nenoteiktu-laiku\\\/\",\"name\":\"MyFitness Imanta open on 12.09 - MyFitness sports club\",\"isPartOf\":{\"@id\":\"https:\\\/\\\/www.myfitness.ee\\\/#website\"},\"primaryImageOfPage\":{\"@id\":\"https:\\\/\\\/www.myfitness.lv\\\/en\\\/news\\\/myfitness-imanta-12-09-slegts-uz-nenoteiktu-laiku\\\/#primaryimage\"},\"image\":{\"@id\":\"https:\\\/\\\/www.myfitness.lv\\\/en\\\/news\\\/myfitness-imanta-12-09-slegts-uz-nenoteiktu-laiku\\\/#primaryimage\"},\"thumbnailUrl\":\"https:\\\/\\\/www.myfitness.lv\\\/wp-content\\\/uploads\\\/2025\\\/07\\\/ikona_asap1-1.png\",\"datePublished\":\"2025-09-12T10:47:20+00:00\",\"dateModified\":\"2025-09-12T13:02:47+00:00\",\"breadcrumb\":{\"@id\":\"https:\\\/\\\/www.myfitness.lv\\\/en\\\/news\\\/myfitness-imanta-12-09-slegts-uz-nenoteiktu-laiku\\\/#breadcrumb\"},\"inLanguage\":\"en-US\",\"potentialAction\":[{\"@type\":\"ReadAction\",\"target\":[\"https:\\\/\\\/www.myfitness.lv\\\/en\\\/news\\\/myfitness-imanta-12-09-slegts-uz-nenoteiktu-laiku\\\/\"]}]},{\"@type\":\"ImageObject\",\"inLanguage\":\"en-US\",\"@id\":\"https:\\\/\\\/www.myfitness.lv\\\/en\\\/news\\\/myfitness-imanta-12-09-slegts-uz-nenoteiktu-laiku\\\/#primaryimage\",\"url\":\"https:\\\/\\\/www.myfitness.lv\\\/wp-content\\\/uploads\\\/2025\\\/07\\\/ikona_asap1-1.png\",\"contentUrl\":\"https:\\\/\\\/www.myfitness.lv\\\/wp-content\\\/uploads\\\/2025\\\/07\\\/ikona_asap1-1.png\",\"width\":770,\"height\":300},{\"@type\":\"BreadcrumbList\",\"@id\":\"https:\\\/\\\/www.myfitness.lv\\\/en\\\/news\\\/myfitness-imanta-12-09-slegts-uz-nenoteiktu-laiku\\\/#breadcrumb\",\"itemListElement\":[{\"@type\":\"ListItem\",\"position\":1,\"name\":\"Home\",\"item\":\"https:\\\/\\\/www.myfitness.lv\\\/en\\\/\"},{\"@type\":\"ListItem\",\"position\":2,\"name\":\"MyFitness Imanta open on 12.09\"}]},{\"@type\":\"WebSite\",\"@id\":\"https:\\\/\\\/www.myfitness.ee\\\/#website\",\"url\":\"https:\\\/\\\/www.myfitness.ee\\\/\",\"name\":\"MyFitness sports club\",\"description\":\"Ieguld\u012bjums vesel\u012bb\u0101\",\"publisher\":{\"@id\":\"https:\\\/\\\/www.myfitness.ee\\\/#organization\"},\"potentialAction\":[{\"@type\":\"SearchAction\",\"target\":{\"@type\":\"EntryPoint\",\"urlTemplate\":\"https:\\\/\\\/www.myfitness.ee\\\/?s={search_term_string}\"},\"query-input\":{\"@type\":\"PropertyValueSpecification\",\"valueRequired\":true,\"valueName\":\"search_term_string\"}}],\"inLanguage\":\"en-US\"},{\"@type\":\"Organization\",\"@id\":\"https:\\\/\\\/www.myfitness.ee\\\/#organization\",\"name\":\"MyFitness spordiklubi\",\"url\":\"https:\\\/\\\/www.myfitness.ee\\\/\",\"logo\":{\"@type\":\"ImageObject\",\"inLanguage\":\"en-US\",\"@id\":\"https:\\\/\\\/www.myfitness.ee\\\/#\\\/schema\\\/logo\\\/image\\\/\",\"url\":\"https:\\\/\\\/www.myfitness.lv\\\/wp-content\\\/uploads\\\/2024\\\/09\\\/logo-myfitness-white.svg\",\"contentUrl\":\"https:\\\/\\\/www.myfitness.lv\\\/wp-content\\\/uploads\\\/2024\\\/09\\\/logo-myfitness-white.svg\",\"width\":172,\"height\":49,\"caption\":\"MyFitness spordiklubi\"},\"image\":{\"@id\":\"https:\\\/\\\/www.myfitness.ee\\\/#\\\/schema\\\/logo\\\/image\\\/\"},\"sameAs\":[\"https:\\\/\\\/www.facebook.com\\\/MyFitness\\\/\",\"https:\\\/\\\/www.instagram.com\\\/myfitnesseesti\\\/\",\"https:\\\/\\\/ee.linkedin.com\\\/company\\\/myfitness-group\"]}]}<\/script>\n<!-- \/ Yoast SEO plugin. -->","yoast_head_json":{"title":"MyFitness Imanta open on 12.09 - MyFitness sports club","robots":{"index":"index","follow":"follow","max-snippet":"max-snippet:-1","max-image-preview":"max-image-preview:large","max-video-preview":"max-video-preview:-1"},"canonical":"https:\/\/www.myfitness.lv\/en\/news\/myfitness-imanta-12-09-slegts-uz-nenoteiktu-laiku\/","og_locale":"en_US","og_type":"article","og_title":"MyFitness Imanta open on 12.09 - MyFitness sports club","og_description":"Updated: The club has resumed operations and is open today. We look forward to seeing you! We would like to inform you that due to unforeseen technical reasons, on 12.09.2025 the sports club MyFitness Imanta will be closed indefinitely. We will inform you as soon as the club is open.","og_url":"https:\/\/www.myfitness.lv\/en\/news\/myfitness-imanta-12-09-slegts-uz-nenoteiktu-laiku\/","og_site_name":"MyFitness sports club","article_publisher":"https:\/\/www.facebook.com\/MyFitness\/","article_modified_time":"2025-09-12T13:02:47+00:00","og_image":[{"width":770,"height":300,"url":"https:\/\/www.myfitness.lv\/wp-content\/uploads\/2025\/07\/ikona_asap1-1.png","type":"image\/png"}],"twitter_card":"summary_large_image","schema":{"@context":"https:\/\/schema.org","@graph":[{"@type":"WebPage","@id":"https:\/\/www.myfitness.lv\/en\/news\/myfitness-imanta-12-09-slegts-uz-nenoteiktu-laiku\/","url":"https:\/\/www.myfitness.lv\/en\/news\/myfitness-imanta-12-09-slegts-uz-nenoteiktu-laiku\/","name":"MyFitness Imanta open on 12.09 - MyFitness sports club","isPartOf":{"@id":"https:\/\/www.myfitness.ee\/#website"},"primaryImageOfPage":{"@id":"https:\/\/www.myfitness.lv\/en\/news\/myfitness-imanta-12-09-slegts-uz-nenoteiktu-laiku\/#primaryimage"},"image":{"@id":"https:\/\/www.myfitness.lv\/en\/news\/myfitness-imanta-12-09-slegts-uz-nenoteiktu-laiku\/#primaryimage"},"thumbnailUrl":"https:\/\/www.myfitness.lv\/wp-content\/uploads\/2025\/07\/ikona_asap1-1.png","datePublished":"2025-09-12T10:47:20+00:00","dateModified":"2025-09-12T13:02:47+00:00","breadcrumb":{"@id":"https:\/\/www.myfitness.lv\/en\/news\/myfitness-imanta-12-09-slegts-uz-nenoteiktu-laiku\/#breadcrumb"},"inLanguage":"en-US","potentialAction":[{"@type":"ReadAction","target":["https:\/\/www.myfitness.lv\/en\/news\/myfitness-imanta-12-09-slegts-uz-nenoteiktu-laiku\/"]}]},{"@type":"ImageObject","inLanguage":"en-US","@id":"https:\/\/www.myfitness.lv\/en\/news\/myfitness-imanta-12-09-slegts-uz-nenoteiktu-laiku\/#primaryimage","url":"https:\/\/www.myfitness.lv\/wp-content\/uploads\/2025\/07\/ikona_asap1-1.png","contentUrl":"https:\/\/www.myfitness.lv\/wp-content\/uploads\/2025\/07\/ikona_asap1-1.png","width":770,"height":300},{"@type":"BreadcrumbList","@id":"https:\/\/www.myfitness.lv\/en\/news\/myfitness-imanta-12-09-slegts-uz-nenoteiktu-laiku\/#breadcrumb","itemListElement":[{"@type":"ListItem","position":1,"name":"Home","item":"https:\/\/www.myfitness.lv\/en\/"},{"@type":"ListItem","position":2,"name":"MyFitness Imanta open on 12.09"}]},{"@type":"WebSite","@id":"https:\/\/www.myfitness.ee\/#website","url":"https:\/\/www.myfitness.ee\/","name":"MyFitness sports club","description":"Ieguld\u012bjums vesel\u012bb\u0101","publisher":{"@id":"https:\/\/www.myfitness.ee\/#organization"},"potentialAction":[{"@type":"SearchAction","target":{"@type":"EntryPoint","urlTemplate":"https:\/\/www.myfitness.ee\/?s={search_term_string}"},"query-input":{"@type":"PropertyValueSpecification","valueRequired":true,"valueName":"search_term_string"}}],"inLanguage":"en-US"},{"@type":"Organization","@id":"https:\/\/www.myfitness.ee\/#organization","name":"MyFitness spordiklubi","url":"https:\/\/www.myfitness.ee\/","logo":{"@type":"ImageObject","inLanguage":"en-US","@id":"https:\/\/www.myfitness.ee\/#\/schema\/logo\/image\/","url":"https:\/\/www.myfitness.lv\/wp-content\/uploads\/2024\/09\/logo-myfitness-white.svg","contentUrl":"https:\/\/www.myfitness.lv\/wp-content\/uploads\/2024\/09\/logo-myfitness-white.svg","width":172,"height":49,"caption":"MyFitness spordiklubi"},"image":{"@id":"https:\/\/www.myfitness.ee\/#\/schema\/logo\/image\/"},"sameAs":["https:\/\/www.facebook.com\/MyFitness\/","https:\/\/www.instagram.com\/myfitnesseesti\/","https:\/\/ee.linkedin.com\/company\/myfitness-group"]}]}},"_links":{"self":[{"href":"https:\/\/www.myfitness.lv\/en\/wp-json\/wp\/v2\/nd_news\/26735","targetHints":{"allow":["GET"]}}],"collection":[{"href":"https:\/\/www.myfitness.lv\/en\/wp-json\/wp\/v2\/nd_news"}],"about":[{"href":"https:\/\/www.myfitness.lv\/en\/wp-json\/wp\/v2\/types\/nd_news"}],"author":[{"embeddable":true,"href":"https:\/\/www.myfitness.lv\/en\/wp-json\/wp\/v2\/users\/7408"}],"version-history":[{"count":4,"href":"https:\/\/www.myfitness.lv\/en\/wp-json\/wp\/v2\/nd_news\/26735\/revisions"}],"predecessor-version":[{"id":26760,"href":"https:\/\/www.myfitness.lv\/en\/wp-json\/wp\/v2\/nd_news\/26735\/revisions\/26760"}],"wp:featuredmedia":[{"embeddable":true,"href":"https:\/\/www.myfitness.lv\/en\/wp-json\/wp\/v2\/media\/24130"}],"wp:attachment":[{"href":"https:\/\/www.myfitness.lv\/en\/wp-json\/wp\/v2\/media?parent=26735"}],"wp:term":[{"taxonomy":"nd_news_cat","embeddable":true,"href":"https:\/\/www.myfitness.lv\/en\/wp-json\/wp\/v2\/nd_news_cat?post=26735"}],"curies":[{"name":"wp","href":"https:\/\/api.w.org\/{rel}","templated":true}]}}