{"id":23487,"date":"2025-04-25T07:30:48","date_gmt":"2025-04-25T04:30:48","guid":{"rendered":"https:\/\/www.myfitness.lv\/jaunumi\/feel-the-rhythm-on-dance-day\/"},"modified":"2025-04-25T07:30:48","modified_gmt":"2025-04-25T04:30:48","slug":"feel-the-rhythm-on-dance-day","status":"publish","type":"nd_news","link":"https:\/\/www.myfitness.lv\/en\/news\/feel-the-rhythm-on-dance-day\/","title":{"rendered":"Feel the rhythm on Dance Day!"},"content":{"rendered":"<h3 data-start=\"1056\" data-end=\"1292\"><strong>When movement becomes a feeling and rhythm turns into freedom \u2013 that&#8217;s when dance is born. It connects, frees, and fills you with energy.<\/strong><\/h3>\n<p data-start=\"1056\" data-end=\"1292\"><strong>On April 29, we invite You to feel the magic of International Dance Day together with MyFitness!<\/strong><\/p>\n<p class=\"\" data-start=\"1294\" data-end=\"1375\"><strong data-start=\"1294\" data-end=\"1317\">1x VISIT FOR ONLY \u20ac3. <\/strong>Please bring a valid ID, passport, or ID card with you.<\/p>\n<p class=\"\" data-start=\"1377\" data-end=\"1403\"><strong data-start=\"1377\" data-end=\"1403\">SPECIAL DANCE GROUP TRAININGS:<\/strong><\/p>\n<ul>\n<li data-start=\"1405\" data-end=\"1746\">11:00\u201312:00, MyFitness S\u0101ga \u2013 ZUMBA with trainer Je\u013cena Sa\u013cina<\/li>\n<li data-start=\"1405\" data-end=\"1746\">12:00\u201313:00, MyFitness Alfa \u2013 LATINO with trainer Laura Ivanova<\/li>\n<li data-start=\"1405\" data-end=\"1746\">17:00\u201318:00, MyFitness Sky&amp;More \u2013 DANCE with Di\u0101na Liekna<\/li>\n<li data-start=\"1405\" data-end=\"1746\">17:30\u201318:30, MyFitness Spice \u2013 DANCE with trainer Jolanta Popova<\/li>\n<li data-start=\"1405\" data-end=\"1746\">20:00\u201321:00, MyFitness Dzelzava \u2013 ZUMBA with trainer Je\u013cena Sa\u013cina<\/li>\n<\/ul>\n<p class=\"\" data-start=\"1748\" data-end=\"1911\">Enjoy gifts from <a href=\"https:\/\/www.instagram.com\/seeberger_1844\/\" target=\"_blank\" rel=\"noopener\">Seeberger<\/a> during the special group trainings! If You&#8217;re not a MyFitness member, You&#8217;re still welcome to join the group trainings if there are available spots.<\/p>\n","protected":false},"excerpt":{"rendered":"<p>Celebrating International Dance Day on April 29!<\/p>\n","protected":false},"author":4,"featured_media":23488,"template":"","meta":{"_acf_changed":false,"footnotes":""},"nd_news_cat":[158],"class_list":["post-23487","nd_news","type-nd_news","status-publish","has-post-thumbnail","hentry","nd_news_cat-news"],"acf":[],"yoast_head":"<!-- This site is optimized with the Yoast SEO plugin v27.4 - https:\/\/yoast.com\/product\/yoast-seo-wordpress\/ -->\n<title>Feel the rhythm on Dance Day! - MyFitness sports club<\/title>\n<meta name=\"robots\" content=\"index, follow, max-snippet:-1, max-image-preview:large, max-video-preview:-1\" \/>\n<link rel=\"canonical\" href=\"https:\/\/www.myfitness.lv\/en\/news\/feel-the-rhythm-on-dance-day\/\" \/>\n<meta property=\"og:locale\" content=\"en_US\" \/>\n<meta property=\"og:type\" content=\"article\" \/>\n<meta property=\"og:title\" content=\"Feel the rhythm on Dance Day! - MyFitness sports club\" \/>\n<meta property=\"og:description\" content=\"Celebrating International Dance Day on April 29!\" \/>\n<meta property=\"og:url\" content=\"https:\/\/www.myfitness.lv\/en\/news\/feel-the-rhythm-on-dance-day\/\" \/>\n<meta property=\"og:site_name\" content=\"MyFitness sports club\" \/>\n<meta property=\"article:publisher\" content=\"https:\/\/www.facebook.com\/MyFitness\/\" \/>\n<meta property=\"og:image\" content=\"https:\/\/www.myfitness.lv\/wp-content\/uploads\/2025\/06\/myfitness_dejas-diena_baneri_770x300_eng.jpg\" \/>\n\t<meta property=\"og:image:width\" content=\"770\" \/>\n\t<meta property=\"og:image:height\" content=\"300\" \/>\n\t<meta property=\"og:image:type\" content=\"image\/jpeg\" \/>\n<meta name=\"twitter:card\" content=\"summary_large_image\" \/>\n<meta name=\"twitter:label1\" content=\"Est. reading time\" \/>\n\t<meta name=\"twitter:data1\" content=\"1 minute\" \/>\n<script type=\"application\/ld+json\" class=\"yoast-schema-graph\">{\"@context\":\"https:\\\/\\\/schema.org\",\"@graph\":[{\"@type\":\"WebPage\",\"@id\":\"https:\\\/\\\/www.myfitness.lv\\\/en\\\/news\\\/feel-the-rhythm-on-dance-day\\\/\",\"url\":\"https:\\\/\\\/www.myfitness.lv\\\/en\\\/news\\\/feel-the-rhythm-on-dance-day\\\/\",\"name\":\"Feel the rhythm on Dance Day! - MyFitness sports club\",\"isPartOf\":{\"@id\":\"https:\\\/\\\/www.myfitness.ee\\\/#website\"},\"primaryImageOfPage\":{\"@id\":\"https:\\\/\\\/www.myfitness.lv\\\/en\\\/news\\\/feel-the-rhythm-on-dance-day\\\/#primaryimage\"},\"image\":{\"@id\":\"https:\\\/\\\/www.myfitness.lv\\\/en\\\/news\\\/feel-the-rhythm-on-dance-day\\\/#primaryimage\"},\"thumbnailUrl\":\"https:\\\/\\\/www.myfitness.lv\\\/wp-content\\\/uploads\\\/2025\\\/06\\\/myfitness_dejas-diena_baneri_770x300_eng.jpg\",\"datePublished\":\"2025-04-25T04:30:48+00:00\",\"breadcrumb\":{\"@id\":\"https:\\\/\\\/www.myfitness.lv\\\/en\\\/news\\\/feel-the-rhythm-on-dance-day\\\/#breadcrumb\"},\"inLanguage\":\"en-US\",\"potentialAction\":[{\"@type\":\"ReadAction\",\"target\":[\"https:\\\/\\\/www.myfitness.lv\\\/en\\\/news\\\/feel-the-rhythm-on-dance-day\\\/\"]}]},{\"@type\":\"ImageObject\",\"inLanguage\":\"en-US\",\"@id\":\"https:\\\/\\\/www.myfitness.lv\\\/en\\\/news\\\/feel-the-rhythm-on-dance-day\\\/#primaryimage\",\"url\":\"https:\\\/\\\/www.myfitness.lv\\\/wp-content\\\/uploads\\\/2025\\\/06\\\/myfitness_dejas-diena_baneri_770x300_eng.jpg\",\"contentUrl\":\"https:\\\/\\\/www.myfitness.lv\\\/wp-content\\\/uploads\\\/2025\\\/06\\\/myfitness_dejas-diena_baneri_770x300_eng.jpg\",\"width\":770,\"height\":300},{\"@type\":\"BreadcrumbList\",\"@id\":\"https:\\\/\\\/www.myfitness.lv\\\/en\\\/news\\\/feel-the-rhythm-on-dance-day\\\/#breadcrumb\",\"itemListElement\":[{\"@type\":\"ListItem\",\"position\":1,\"name\":\"Home\",\"item\":\"https:\\\/\\\/www.myfitness.lv\\\/en\\\/\"},{\"@type\":\"ListItem\",\"position\":2,\"name\":\"Feel the rhythm on Dance Day!\"}]},{\"@type\":\"WebSite\",\"@id\":\"https:\\\/\\\/www.myfitness.ee\\\/#website\",\"url\":\"https:\\\/\\\/www.myfitness.ee\\\/\",\"name\":\"MyFitness sports club\",\"description\":\"Ieguld\u012bjums vesel\u012bb\u0101\",\"publisher\":{\"@id\":\"https:\\\/\\\/www.myfitness.ee\\\/#organization\"},\"potentialAction\":[{\"@type\":\"SearchAction\",\"target\":{\"@type\":\"EntryPoint\",\"urlTemplate\":\"https:\\\/\\\/www.myfitness.ee\\\/?s={search_term_string}\"},\"query-input\":{\"@type\":\"PropertyValueSpecification\",\"valueRequired\":true,\"valueName\":\"search_term_string\"}}],\"inLanguage\":\"en-US\"},{\"@type\":\"Organization\",\"@id\":\"https:\\\/\\\/www.myfitness.ee\\\/#organization\",\"name\":\"MyFitness spordiklubi\",\"url\":\"https:\\\/\\\/www.myfitness.ee\\\/\",\"logo\":{\"@type\":\"ImageObject\",\"inLanguage\":\"en-US\",\"@id\":\"https:\\\/\\\/www.myfitness.ee\\\/#\\\/schema\\\/logo\\\/image\\\/\",\"url\":\"https:\\\/\\\/www.myfitness.lv\\\/wp-content\\\/uploads\\\/2024\\\/09\\\/logo-myfitness-white.svg\",\"contentUrl\":\"https:\\\/\\\/www.myfitness.lv\\\/wp-content\\\/uploads\\\/2024\\\/09\\\/logo-myfitness-white.svg\",\"width\":172,\"height\":49,\"caption\":\"MyFitness spordiklubi\"},\"image\":{\"@id\":\"https:\\\/\\\/www.myfitness.ee\\\/#\\\/schema\\\/logo\\\/image\\\/\"},\"sameAs\":[\"https:\\\/\\\/www.facebook.com\\\/MyFitness\\\/\",\"https:\\\/\\\/www.instagram.com\\\/myfitnesseesti\\\/\",\"https:\\\/\\\/ee.linkedin.com\\\/company\\\/myfitness-group\"]}]}<\/script>\n<!-- \/ Yoast SEO plugin. -->","yoast_head_json":{"title":"Feel the rhythm on Dance Day! - MyFitness sports club","robots":{"index":"index","follow":"follow","max-snippet":"max-snippet:-1","max-image-preview":"max-image-preview:large","max-video-preview":"max-video-preview:-1"},"canonical":"https:\/\/www.myfitness.lv\/en\/news\/feel-the-rhythm-on-dance-day\/","og_locale":"en_US","og_type":"article","og_title":"Feel the rhythm on Dance Day! - MyFitness sports club","og_description":"Celebrating International Dance Day on April 29!","og_url":"https:\/\/www.myfitness.lv\/en\/news\/feel-the-rhythm-on-dance-day\/","og_site_name":"MyFitness sports club","article_publisher":"https:\/\/www.facebook.com\/MyFitness\/","og_image":[{"width":770,"height":300,"url":"https:\/\/www.myfitness.lv\/wp-content\/uploads\/2025\/06\/myfitness_dejas-diena_baneri_770x300_eng.jpg","type":"image\/jpeg"}],"twitter_card":"summary_large_image","twitter_misc":{"Est. reading time":"1 minute"},"schema":{"@context":"https:\/\/schema.org","@graph":[{"@type":"WebPage","@id":"https:\/\/www.myfitness.lv\/en\/news\/feel-the-rhythm-on-dance-day\/","url":"https:\/\/www.myfitness.lv\/en\/news\/feel-the-rhythm-on-dance-day\/","name":"Feel the rhythm on Dance Day! - MyFitness sports club","isPartOf":{"@id":"https:\/\/www.myfitness.ee\/#website"},"primaryImageOfPage":{"@id":"https:\/\/www.myfitness.lv\/en\/news\/feel-the-rhythm-on-dance-day\/#primaryimage"},"image":{"@id":"https:\/\/www.myfitness.lv\/en\/news\/feel-the-rhythm-on-dance-day\/#primaryimage"},"thumbnailUrl":"https:\/\/www.myfitness.lv\/wp-content\/uploads\/2025\/06\/myfitness_dejas-diena_baneri_770x300_eng.jpg","datePublished":"2025-04-25T04:30:48+00:00","breadcrumb":{"@id":"https:\/\/www.myfitness.lv\/en\/news\/feel-the-rhythm-on-dance-day\/#breadcrumb"},"inLanguage":"en-US","potentialAction":[{"@type":"ReadAction","target":["https:\/\/www.myfitness.lv\/en\/news\/feel-the-rhythm-on-dance-day\/"]}]},{"@type":"ImageObject","inLanguage":"en-US","@id":"https:\/\/www.myfitness.lv\/en\/news\/feel-the-rhythm-on-dance-day\/#primaryimage","url":"https:\/\/www.myfitness.lv\/wp-content\/uploads\/2025\/06\/myfitness_dejas-diena_baneri_770x300_eng.jpg","contentUrl":"https:\/\/www.myfitness.lv\/wp-content\/uploads\/2025\/06\/myfitness_dejas-diena_baneri_770x300_eng.jpg","width":770,"height":300},{"@type":"BreadcrumbList","@id":"https:\/\/www.myfitness.lv\/en\/news\/feel-the-rhythm-on-dance-day\/#breadcrumb","itemListElement":[{"@type":"ListItem","position":1,"name":"Home","item":"https:\/\/www.myfitness.lv\/en\/"},{"@type":"ListItem","position":2,"name":"Feel the rhythm on Dance Day!"}]},{"@type":"WebSite","@id":"https:\/\/www.myfitness.ee\/#website","url":"https:\/\/www.myfitness.ee\/","name":"MyFitness sports club","description":"Ieguld\u012bjums vesel\u012bb\u0101","publisher":{"@id":"https:\/\/www.myfitness.ee\/#organization"},"potentialAction":[{"@type":"SearchAction","target":{"@type":"EntryPoint","urlTemplate":"https:\/\/www.myfitness.ee\/?s={search_term_string}"},"query-input":{"@type":"PropertyValueSpecification","valueRequired":true,"valueName":"search_term_string"}}],"inLanguage":"en-US"},{"@type":"Organization","@id":"https:\/\/www.myfitness.ee\/#organization","name":"MyFitness spordiklubi","url":"https:\/\/www.myfitness.ee\/","logo":{"@type":"ImageObject","inLanguage":"en-US","@id":"https:\/\/www.myfitness.ee\/#\/schema\/logo\/image\/","url":"https:\/\/www.myfitness.lv\/wp-content\/uploads\/2024\/09\/logo-myfitness-white.svg","contentUrl":"https:\/\/www.myfitness.lv\/wp-content\/uploads\/2024\/09\/logo-myfitness-white.svg","width":172,"height":49,"caption":"MyFitness spordiklubi"},"image":{"@id":"https:\/\/www.myfitness.ee\/#\/schema\/logo\/image\/"},"sameAs":["https:\/\/www.facebook.com\/MyFitness\/","https:\/\/www.instagram.com\/myfitnesseesti\/","https:\/\/ee.linkedin.com\/company\/myfitness-group"]}]}},"_links":{"self":[{"href":"https:\/\/www.myfitness.lv\/en\/wp-json\/wp\/v2\/nd_news\/23487","targetHints":{"allow":["GET"]}}],"collection":[{"href":"https:\/\/www.myfitness.lv\/en\/wp-json\/wp\/v2\/nd_news"}],"about":[{"href":"https:\/\/www.myfitness.lv\/en\/wp-json\/wp\/v2\/types\/nd_news"}],"author":[{"embeddable":true,"href":"https:\/\/www.myfitness.lv\/en\/wp-json\/wp\/v2\/users\/4"}],"version-history":[{"count":0,"href":"https:\/\/www.myfitness.lv\/en\/wp-json\/wp\/v2\/nd_news\/23487\/revisions"}],"wp:featuredmedia":[{"embeddable":true,"href":"https:\/\/www.myfitness.lv\/en\/wp-json\/wp\/v2\/media\/23488"}],"wp:attachment":[{"href":"https:\/\/www.myfitness.lv\/en\/wp-json\/wp\/v2\/media?parent=23487"}],"wp:term":[{"taxonomy":"nd_news_cat","embeddable":true,"href":"https:\/\/www.myfitness.lv\/en\/wp-json\/wp\/v2\/nd_news_cat?post=23487"}],"curies":[{"name":"wp","href":"https:\/\/api.w.org\/{rel}","templated":true}]}}