{"id":22971,"date":"2023-11-22T07:10:25","date_gmt":"2023-11-22T05:10:25","guid":{"rendered":"https:\/\/www.myfitness.lv\/jaunumi\/myfitness-sky-amp-more-on-23-11-23-will-be-opened-from-9am\/"},"modified":"2023-11-22T07:10:25","modified_gmt":"2023-11-22T05:10:25","slug":"myfitness-sky-amp-more-on-23-11-23-will-be-opened-from-9am","status":"publish","type":"nd_news","link":"https:\/\/www.myfitness.lv\/en\/news\/myfitness-sky-amp-more-on-23-11-23-will-be-opened-from-9am\/","title":{"rendered":"MyFitness Sky&amp;More on 23.11.23 will be opened from 9AM"},"content":{"rendered":"<p>Please be informed that sports club<strong>\u00a0Sky&amp;More<\/strong>\u00a0on\u00a0<strong>23.11.2023\u00a0<\/strong>will start working day\u00a0<strong>at 9AM<\/strong>\u00a0due to the evacuation trainings organized by shopping center for all employees.<\/p>\n<p>See You on trainings!<\/p>\n<p>Thank You for understanding!<\/p>\n","protected":false},"excerpt":{"rendered":"<p>Please be informed that sports club\u00a0Sky&amp;More\u00a0on\u00a023.11.2023\u00a0will start working day\u00a0at 9AM\u00a0due to the evacuation trainings organized by shopping center for all employees. See You on trainings! Thank You for understanding!<\/p>\n","protected":false},"author":4,"featured_media":22476,"template":"","meta":{"_acf_changed":false,"footnotes":""},"nd_news_cat":[158],"class_list":["post-22971","nd_news","type-nd_news","status-publish","has-post-thumbnail","hentry","nd_news_cat-news"],"acf":[],"yoast_head":"<!-- This site is optimized with the Yoast SEO plugin v27.4 - https:\/\/yoast.com\/product\/yoast-seo-wordpress\/ -->\n<title>MyFitness Sky&amp;More on 23.11.23 will be opened from 9AM - MyFitness sports club<\/title>\n<meta name=\"robots\" content=\"index, follow, max-snippet:-1, max-image-preview:large, max-video-preview:-1\" \/>\n<link rel=\"canonical\" href=\"https:\/\/www.myfitness.lv\/en\/news\/myfitness-sky-amp-more-on-23-11-23-will-be-opened-from-9am\/\" \/>\n<meta property=\"og:locale\" content=\"en_US\" \/>\n<meta property=\"og:type\" content=\"article\" \/>\n<meta property=\"og:title\" content=\"MyFitness Sky&amp;More on 23.11.23 will be opened from 9AM - MyFitness sports club\" \/>\n<meta property=\"og:description\" content=\"Please be informed that sports club\u00a0Sky&amp;More\u00a0on\u00a023.11.2023\u00a0will start working day\u00a0at 9AM\u00a0due to the evacuation trainings organized by shopping center for all employees. See You on trainings! Thank You for understanding!\" \/>\n<meta property=\"og:url\" content=\"https:\/\/www.myfitness.lv\/en\/news\/myfitness-sky-amp-more-on-23-11-23-will-be-opened-from-9am\/\" \/>\n<meta property=\"og:site_name\" content=\"MyFitness sports club\" \/>\n<meta property=\"article:publisher\" content=\"https:\/\/www.facebook.com\/MyFitness\/\" \/>\n<meta property=\"og:image\" content=\"https:\/\/www.myfitness.lv\/wp-content\/uploads\/2025\/06\/ikona_asap-1.png\" \/>\n\t<meta property=\"og:image:width\" content=\"770\" \/>\n\t<meta property=\"og:image:height\" content=\"300\" \/>\n\t<meta property=\"og:image:type\" content=\"image\/png\" \/>\n<meta name=\"twitter:card\" content=\"summary_large_image\" \/>\n<script type=\"application\/ld+json\" class=\"yoast-schema-graph\">{\"@context\":\"https:\\\/\\\/schema.org\",\"@graph\":[{\"@type\":\"WebPage\",\"@id\":\"https:\\\/\\\/www.myfitness.lv\\\/en\\\/news\\\/myfitness-sky-amp-more-on-23-11-23-will-be-opened-from-9am\\\/\",\"url\":\"https:\\\/\\\/www.myfitness.lv\\\/en\\\/news\\\/myfitness-sky-amp-more-on-23-11-23-will-be-opened-from-9am\\\/\",\"name\":\"MyFitness Sky&amp;More on 23.11.23 will be opened from 9AM - MyFitness sports club\",\"isPartOf\":{\"@id\":\"https:\\\/\\\/www.myfitness.ee\\\/#website\"},\"primaryImageOfPage\":{\"@id\":\"https:\\\/\\\/www.myfitness.lv\\\/en\\\/news\\\/myfitness-sky-amp-more-on-23-11-23-will-be-opened-from-9am\\\/#primaryimage\"},\"image\":{\"@id\":\"https:\\\/\\\/www.myfitness.lv\\\/en\\\/news\\\/myfitness-sky-amp-more-on-23-11-23-will-be-opened-from-9am\\\/#primaryimage\"},\"thumbnailUrl\":\"https:\\\/\\\/www.myfitness.lv\\\/wp-content\\\/uploads\\\/2025\\\/06\\\/ikona_asap-1.png\",\"datePublished\":\"2023-11-22T05:10:25+00:00\",\"breadcrumb\":{\"@id\":\"https:\\\/\\\/www.myfitness.lv\\\/en\\\/news\\\/myfitness-sky-amp-more-on-23-11-23-will-be-opened-from-9am\\\/#breadcrumb\"},\"inLanguage\":\"en-US\",\"potentialAction\":[{\"@type\":\"ReadAction\",\"target\":[\"https:\\\/\\\/www.myfitness.lv\\\/en\\\/news\\\/myfitness-sky-amp-more-on-23-11-23-will-be-opened-from-9am\\\/\"]}]},{\"@type\":\"ImageObject\",\"inLanguage\":\"en-US\",\"@id\":\"https:\\\/\\\/www.myfitness.lv\\\/en\\\/news\\\/myfitness-sky-amp-more-on-23-11-23-will-be-opened-from-9am\\\/#primaryimage\",\"url\":\"https:\\\/\\\/www.myfitness.lv\\\/wp-content\\\/uploads\\\/2025\\\/06\\\/ikona_asap-1.png\",\"contentUrl\":\"https:\\\/\\\/www.myfitness.lv\\\/wp-content\\\/uploads\\\/2025\\\/06\\\/ikona_asap-1.png\",\"width\":770,\"height\":300},{\"@type\":\"BreadcrumbList\",\"@id\":\"https:\\\/\\\/www.myfitness.lv\\\/en\\\/news\\\/myfitness-sky-amp-more-on-23-11-23-will-be-opened-from-9am\\\/#breadcrumb\",\"itemListElement\":[{\"@type\":\"ListItem\",\"position\":1,\"name\":\"Home\",\"item\":\"https:\\\/\\\/www.myfitness.lv\\\/en\\\/\"},{\"@type\":\"ListItem\",\"position\":2,\"name\":\"MyFitness Sky&amp;More on 23.11.23 will be opened from 9AM\"}]},{\"@type\":\"WebSite\",\"@id\":\"https:\\\/\\\/www.myfitness.ee\\\/#website\",\"url\":\"https:\\\/\\\/www.myfitness.ee\\\/\",\"name\":\"MyFitness sports club\",\"description\":\"Ieguld\u012bjums vesel\u012bb\u0101\",\"publisher\":{\"@id\":\"https:\\\/\\\/www.myfitness.ee\\\/#organization\"},\"potentialAction\":[{\"@type\":\"SearchAction\",\"target\":{\"@type\":\"EntryPoint\",\"urlTemplate\":\"https:\\\/\\\/www.myfitness.ee\\\/?s={search_term_string}\"},\"query-input\":{\"@type\":\"PropertyValueSpecification\",\"valueRequired\":true,\"valueName\":\"search_term_string\"}}],\"inLanguage\":\"en-US\"},{\"@type\":\"Organization\",\"@id\":\"https:\\\/\\\/www.myfitness.ee\\\/#organization\",\"name\":\"MyFitness spordiklubi\",\"url\":\"https:\\\/\\\/www.myfitness.ee\\\/\",\"logo\":{\"@type\":\"ImageObject\",\"inLanguage\":\"en-US\",\"@id\":\"https:\\\/\\\/www.myfitness.ee\\\/#\\\/schema\\\/logo\\\/image\\\/\",\"url\":\"https:\\\/\\\/www.myfitness.lv\\\/wp-content\\\/uploads\\\/2024\\\/09\\\/logo-myfitness-white.svg\",\"contentUrl\":\"https:\\\/\\\/www.myfitness.lv\\\/wp-content\\\/uploads\\\/2024\\\/09\\\/logo-myfitness-white.svg\",\"width\":172,\"height\":49,\"caption\":\"MyFitness spordiklubi\"},\"image\":{\"@id\":\"https:\\\/\\\/www.myfitness.ee\\\/#\\\/schema\\\/logo\\\/image\\\/\"},\"sameAs\":[\"https:\\\/\\\/www.facebook.com\\\/MyFitness\\\/\",\"https:\\\/\\\/www.instagram.com\\\/myfitnesseesti\\\/\",\"https:\\\/\\\/ee.linkedin.com\\\/company\\\/myfitness-group\"]}]}<\/script>\n<!-- \/ Yoast SEO plugin. -->","yoast_head_json":{"title":"MyFitness Sky&amp;More on 23.11.23 will be opened from 9AM - MyFitness sports club","robots":{"index":"index","follow":"follow","max-snippet":"max-snippet:-1","max-image-preview":"max-image-preview:large","max-video-preview":"max-video-preview:-1"},"canonical":"https:\/\/www.myfitness.lv\/en\/news\/myfitness-sky-amp-more-on-23-11-23-will-be-opened-from-9am\/","og_locale":"en_US","og_type":"article","og_title":"MyFitness Sky&amp;More on 23.11.23 will be opened from 9AM - MyFitness sports club","og_description":"Please be informed that sports club\u00a0Sky&amp;More\u00a0on\u00a023.11.2023\u00a0will start working day\u00a0at 9AM\u00a0due to the evacuation trainings organized by shopping center for all employees. See You on trainings! Thank You for understanding!","og_url":"https:\/\/www.myfitness.lv\/en\/news\/myfitness-sky-amp-more-on-23-11-23-will-be-opened-from-9am\/","og_site_name":"MyFitness sports club","article_publisher":"https:\/\/www.facebook.com\/MyFitness\/","og_image":[{"width":770,"height":300,"url":"https:\/\/www.myfitness.lv\/wp-content\/uploads\/2025\/06\/ikona_asap-1.png","type":"image\/png"}],"twitter_card":"summary_large_image","schema":{"@context":"https:\/\/schema.org","@graph":[{"@type":"WebPage","@id":"https:\/\/www.myfitness.lv\/en\/news\/myfitness-sky-amp-more-on-23-11-23-will-be-opened-from-9am\/","url":"https:\/\/www.myfitness.lv\/en\/news\/myfitness-sky-amp-more-on-23-11-23-will-be-opened-from-9am\/","name":"MyFitness Sky&amp;More on 23.11.23 will be opened from 9AM - MyFitness sports club","isPartOf":{"@id":"https:\/\/www.myfitness.ee\/#website"},"primaryImageOfPage":{"@id":"https:\/\/www.myfitness.lv\/en\/news\/myfitness-sky-amp-more-on-23-11-23-will-be-opened-from-9am\/#primaryimage"},"image":{"@id":"https:\/\/www.myfitness.lv\/en\/news\/myfitness-sky-amp-more-on-23-11-23-will-be-opened-from-9am\/#primaryimage"},"thumbnailUrl":"https:\/\/www.myfitness.lv\/wp-content\/uploads\/2025\/06\/ikona_asap-1.png","datePublished":"2023-11-22T05:10:25+00:00","breadcrumb":{"@id":"https:\/\/www.myfitness.lv\/en\/news\/myfitness-sky-amp-more-on-23-11-23-will-be-opened-from-9am\/#breadcrumb"},"inLanguage":"en-US","potentialAction":[{"@type":"ReadAction","target":["https:\/\/www.myfitness.lv\/en\/news\/myfitness-sky-amp-more-on-23-11-23-will-be-opened-from-9am\/"]}]},{"@type":"ImageObject","inLanguage":"en-US","@id":"https:\/\/www.myfitness.lv\/en\/news\/myfitness-sky-amp-more-on-23-11-23-will-be-opened-from-9am\/#primaryimage","url":"https:\/\/www.myfitness.lv\/wp-content\/uploads\/2025\/06\/ikona_asap-1.png","contentUrl":"https:\/\/www.myfitness.lv\/wp-content\/uploads\/2025\/06\/ikona_asap-1.png","width":770,"height":300},{"@type":"BreadcrumbList","@id":"https:\/\/www.myfitness.lv\/en\/news\/myfitness-sky-amp-more-on-23-11-23-will-be-opened-from-9am\/#breadcrumb","itemListElement":[{"@type":"ListItem","position":1,"name":"Home","item":"https:\/\/www.myfitness.lv\/en\/"},{"@type":"ListItem","position":2,"name":"MyFitness Sky&amp;More on 23.11.23 will be opened from 9AM"}]},{"@type":"WebSite","@id":"https:\/\/www.myfitness.ee\/#website","url":"https:\/\/www.myfitness.ee\/","name":"MyFitness sports club","description":"Ieguld\u012bjums vesel\u012bb\u0101","publisher":{"@id":"https:\/\/www.myfitness.ee\/#organization"},"potentialAction":[{"@type":"SearchAction","target":{"@type":"EntryPoint","urlTemplate":"https:\/\/www.myfitness.ee\/?s={search_term_string}"},"query-input":{"@type":"PropertyValueSpecification","valueRequired":true,"valueName":"search_term_string"}}],"inLanguage":"en-US"},{"@type":"Organization","@id":"https:\/\/www.myfitness.ee\/#organization","name":"MyFitness spordiklubi","url":"https:\/\/www.myfitness.ee\/","logo":{"@type":"ImageObject","inLanguage":"en-US","@id":"https:\/\/www.myfitness.ee\/#\/schema\/logo\/image\/","url":"https:\/\/www.myfitness.lv\/wp-content\/uploads\/2024\/09\/logo-myfitness-white.svg","contentUrl":"https:\/\/www.myfitness.lv\/wp-content\/uploads\/2024\/09\/logo-myfitness-white.svg","width":172,"height":49,"caption":"MyFitness spordiklubi"},"image":{"@id":"https:\/\/www.myfitness.ee\/#\/schema\/logo\/image\/"},"sameAs":["https:\/\/www.facebook.com\/MyFitness\/","https:\/\/www.instagram.com\/myfitnesseesti\/","https:\/\/ee.linkedin.com\/company\/myfitness-group"]}]}},"_links":{"self":[{"href":"https:\/\/www.myfitness.lv\/en\/wp-json\/wp\/v2\/nd_news\/22971","targetHints":{"allow":["GET"]}}],"collection":[{"href":"https:\/\/www.myfitness.lv\/en\/wp-json\/wp\/v2\/nd_news"}],"about":[{"href":"https:\/\/www.myfitness.lv\/en\/wp-json\/wp\/v2\/types\/nd_news"}],"author":[{"embeddable":true,"href":"https:\/\/www.myfitness.lv\/en\/wp-json\/wp\/v2\/users\/4"}],"version-history":[{"count":0,"href":"https:\/\/www.myfitness.lv\/en\/wp-json\/wp\/v2\/nd_news\/22971\/revisions"}],"wp:featuredmedia":[{"embeddable":true,"href":"https:\/\/www.myfitness.lv\/en\/wp-json\/wp\/v2\/media\/22476"}],"wp:attachment":[{"href":"https:\/\/www.myfitness.lv\/en\/wp-json\/wp\/v2\/media?parent=22971"}],"wp:term":[{"taxonomy":"nd_news_cat","embeddable":true,"href":"https:\/\/www.myfitness.lv\/en\/wp-json\/wp\/v2\/nd_news_cat?post=22971"}],"curies":[{"name":"wp","href":"https:\/\/api.w.org\/{rel}","templated":true}]}}